{"id":888,"date":"2021-05-06T15:42:38","date_gmt":"2021-05-06T13:42:38","guid":{"rendered":"https:\/\/www.centroisah.it\/?p=888"},"modified":"2021-05-06T17:29:03","modified_gmt":"2021-05-06T15:29:03","slug":"la-fondazioen-isah-partecipa-la-progetto-progetto-di-welfare-wearefamily-lanciato-dal-cuneo-granda-volley-sco-pallavolo-a1-femminile-e-granda-volley-academy","status":"publish","type":"post","link":"https:\/\/www.centroisah.it\/?p=888","title":{"rendered":"La Fondazione ISAH partecipa la progetto progetto di welfare &#8220;WeAreFamily&#8221; lanciato dal Cuneo Granda Volley (soc. pallavolo A1 Femminile) e Granda Volley Academy"},"content":{"rendered":"\n<figure class=\"wp-block-image size-large\"><a href=\"https:\/\/i0.wp.com\/www.centroisah.it\/sistema\/wp-content\/uploads\/2021\/05\/f_5a46427c7a.jpeg?ssl=1\"><img data-recalc-dims=\"1\" loading=\"lazy\" decoding=\"async\" width=\"500\" height=\"333\" data-attachment-id=\"889\" data-permalink=\"https:\/\/www.centroisah.it\/?attachment_id=889\" data-orig-file=\"https:\/\/i0.wp.com\/www.centroisah.it\/sistema\/wp-content\/uploads\/2021\/05\/f_5a46427c7a.jpeg?fit=900%2C600&amp;ssl=1\" data-orig-size=\"900,600\" data-comments-opened=\"0\" data-image-meta=\"{&quot;aperture&quot;:&quot;0&quot;,&quot;credit&quot;:&quot;&quot;,&quot;camera&quot;:&quot;&quot;,&quot;caption&quot;:&quot;&quot;,&quot;created_timestamp&quot;:&quot;0&quot;,&quot;copyright&quot;:&quot;&quot;,&quot;focal_length&quot;:&quot;0&quot;,&quot;iso&quot;:&quot;0&quot;,&quot;shutter_speed&quot;:&quot;0&quot;,&quot;title&quot;:&quot;&quot;,&quot;orientation&quot;:&quot;0&quot;}\" data-image-title=\"f_5a46427c7a\" data-image-description=\"\" data-image-caption=\"\" data-medium-file=\"https:\/\/i0.wp.com\/www.centroisah.it\/sistema\/wp-content\/uploads\/2021\/05\/f_5a46427c7a.jpeg?fit=300%2C200&amp;ssl=1\" data-large-file=\"https:\/\/i0.wp.com\/www.centroisah.it\/sistema\/wp-content\/uploads\/2021\/05\/f_5a46427c7a.jpeg?fit=500%2C333&amp;ssl=1\" src=\"https:\/\/i0.wp.com\/www.centroisah.it\/sistema\/wp-content\/uploads\/2021\/05\/f_5a46427c7a.jpeg?resize=500%2C333&#038;ssl=1\" alt=\"\" class=\"wp-image-889\" srcset=\"https:\/\/i0.wp.com\/www.centroisah.it\/sistema\/wp-content\/uploads\/2021\/05\/f_5a46427c7a.jpeg?w=900&amp;ssl=1 900w, https:\/\/i0.wp.com\/www.centroisah.it\/sistema\/wp-content\/uploads\/2021\/05\/f_5a46427c7a.jpeg?resize=300%2C200&amp;ssl=1 300w, https:\/\/i0.wp.com\/www.centroisah.it\/sistema\/wp-content\/uploads\/2021\/05\/f_5a46427c7a.jpeg?resize=768%2C512&amp;ssl=1 768w, https:\/\/i0.wp.com\/www.centroisah.it\/sistema\/wp-content\/uploads\/2021\/05\/f_5a46427c7a.jpeg?resize=150%2C100&amp;ssl=1 150w, https:\/\/i0.wp.com\/www.centroisah.it\/sistema\/wp-content\/uploads\/2021\/05\/f_5a46427c7a.jpeg?resize=225%2C150&amp;ssl=1 225w\" sizes=\"auto, (max-width: 500px) 100vw, 500px\" \/><\/a><\/figure>\n\n\n\n<p>\u00c8 stato presentato nella mattina di venerd\u00ec 30 aprile in una conferenza stampa presso il Mare Hotel di Savona il nuovo progetto di welfare e inclusione sociale WeAreFamily delle societ\u00e0 Cuneo Granda Volley e Granda Volley Academy, creato con l\u2019obiettivo di diventare la pi\u00f9 ampia e diffusa rete di inclusione sociale a livello sportivo delle provincie di Cuneo, Asti, Savona, Imperia e Genova ( https:\/\/www.cuneograndavolley.it\/cuneo-granda-volley-e-granda-volley-academy-lanciano-il-nuovo-progetto-di-welfare-wearefamily\/ )<\/p>\n\n\n\n<p>A illustrare l\u2019ambizioso progetto l\u2019avvocato Dino Vercelli, vice presidente di Cuneo Granda Volley con delega al welfare, alla Granda Volley Academy e all\u2019organizzazione degli eventi estivi e Luca Di Giacomo, presidente Granda Volley Academy,\u00a0<a href=\"https:\/\/bit.ly\/presentato-l-academy-summer-camp\">che a seguire ha svelato tutti i dettagli dell\u2019Academy Summer Camp in programma a luglio a Loano (Savona)<\/a>; presenti la dirigenza della societ\u00e0 di via Bassignano con il neo presidente Jos\u00e9 Cartellone, il CEO Diego Borgna e il direttore sportivo Gino Primasso e le tre realt\u00e0 parte integrante del progetto fin dalla fase di ideazione, vale a dire la Cooperativa Onlus Il Faggio di Savona rappresentata dal presidente Danilo Pisano, la Fondazione ISAH di Imperia nella persona del direttore generale Luca De Felice e la Cooperativa Proposta 80 di Cuneo con il presidente Flavio Degioanni, collegatosi da Cuneo.<\/p>\n\n\n\n<p>Il progetto WeAreFamily si svilupper\u00e0 nelle aree urbane in cui hanno sede societ\u00e0 sportive aderenti al progetto Granda Academy Network, nato nell\u2019estate del 2019, e coinvolger\u00e0 quindi le provincie di Cuneo, Asti, Savona, Imperia e Genova. L\u2019iniziativa \u00e8 rivolta a disabili fisici di et\u00e0 compresa tra i 14 e i 50 anni, una fascia di popolazione con un numero esiguo di soggetti praticanti attivit\u00e0 motoria per diversi motivi che vanno dall\u2019offerta limitata all\u2019atteggiamento degli altri sportivi, non sempre disponibili a svolgere attivit\u00e0 con i disabili, fino alla sensazione d\u2019inadeguatezza rispetto alla pratica motoria e alla paura delle famiglie di esporre i figli a situazioni percepite come rischiose. Gli obiettivi principali dell\u2019iniziativa sono l\u2019avviamento di un maggior numero di disabili alla pratica motoria, il potenziamento delle abilit\u00e0 motorie dei disabili, la diffusione tra i disabili e le famiglie della cultura dello sport e degli effetti positivi che questo produce e l\u2019incremento dell\u2019autonomia dei disabili, aiutandoli a migliorare le abilit\u00e0 socio-relazionali e potenziando le capacit\u00e0 comunicative.<\/p>\n\n\n\n<p>Fondamentale per il raggiungimento di questi obiettivi il coinvolgimento della Cooperativa Onlus Il Faggio di Savona, della Fondazione ISAH di Imperia e della Cooperativa Proposta 80 di Cuneo, tre realt\u00e0 che operano da anni sui rispettivi territori offrendo assistenza a vari livelli ai disabili psico-fisici. Il progetto, strutturato su un orizzonte temporale di dodici mesi, replicabile su pi\u00f9 annualit\u00e0 e scalabile su diversi territori, dopo i primi tre mesi di lancio e promozione del progetto, di individuazione dei disabili partecipanti e di formazione dei vari soggetti coinvolti (famiglie, coach, operatori), avr\u00e0 il suo clou tra il quarto e il decimo mese, in cui si proporr\u00e0 almeno un incontro settimanale di attivit\u00e0 fisica e motoria, si disputeranno tornei di volley, sitting volley e\/o si svolgeranno attivit\u00e0 sportive come da diverse abilit\u00e0 individuate. In questa fase saranno co-protagoniste le giocatrici della squadra di Serie A1, che prenderanno parte una tantum alle sessioni di allenamento. I ragazzi partecipanti al progetto saranno altres\u00ec invitati al Palazzetto dello Sport di Cuneo per assistere alle gare di campionato e parteciperanno ad eventi spot.<\/p>\n\n\n\n<p>Tra gli obiettivi a lungo termine del progetto c\u2019\u00e8 anche la costituzione di una vera e propria squadra con atleti portatori di disabilit\u00e0 fisiche, la Cuneo Granda Volley Paralympics, che parteciper\u00e0 a tornei e campionati di riferimento con la propria Federazione, alle amichevoli e a tutte le manifestazioni idonee per i suoi componenti e rappresenter\u00e0 a tutti gli effetti la pallavolo biancorossa, richiamando anche atleti di altre zone. Un traguardo ancora lontano, ma intanto il primo passo \u00e8 stato compiuto con la sottoscrizione del protocollo di intesa tra Cuneo Granda Volley, Granda Volley Academy, Cooperativa Onlus Il Faggio, Fondazione ISAH e Cooperativa Proposta 80.<\/p>\n\n\n\n<p><strong>DINO VERCELLI, VICEPRESIDENTE CUNEO GRANDA VOLLEY:&nbsp;<\/strong><em>\u00abC\u2019\u00e8 grande soddisfazione per la sottoscrizione del protocollo di intesa, che rappresenta il punto di partenza di un percorso complesso e stimolante allo stesso tempo. Questo anno di pandemia ci ha dimostrato come lo sport sia fondamentale per tutti e ancora di pi\u00f9 per i disabili, che spesso invece ne sono tagliati fuori. Siamo molto felici di avere nella nostra squadra tre realt\u00e0 esperte e di grande spessore come la Cooperativa Onlus Il Faggio, la Fondazione ISAH e la Cooperativa Proposta 80, che daranno senza dubbio un contributo importante per la parte di loro competenza. Siamo certi che per le giocatrici della Serie A1 il coinvolgimento attivo nel progetto sar\u00e0 una grande occasione di crescita e di acquisizione di un nuovo punto di vista. Ci aspettiamo collaborazione ed entusiasmo da parte delle comunit\u00e0 e dei territori coinvolti: per vincere questa partita c\u2019\u00e8 bisogno del supporto di tutti gli attori interessati. Uno strumento immediato e concreto per sostenere il progetto \u00e8 donare il cinque per mille alla Granda Volley Academy, un piccolo gesto che fa la differenza\u00bb.<\/em><\/p>\n\n\n\n<p>La&nbsp;<strong>Cooperativa Onlus Il Faggio<\/strong>&nbsp;di Savona \u00e8 nata a Savona nel 1980 con progetto semplice quanto ambizioso: progettare la gestione di una struttura residenziale per soggetti portatori di handicap psichico lieve. Con essa prende il via il progetto di fornire nuovi servizi per soggetti portatori di handicap: l\u2019assistenza scolastica, i centri socio-educativi, la formazione professionale, gli interventi riabilitativi. Nel 1986 \u00e8 aperta una seconda struttura residenziale e nel 1993 la cooperativa si iscrive nel Registro Prefettizio quale cooperativa sociale. A partire dal 1993, Il Faggio \u00e8 presente con la propria attivit\u00e0 anche nella provincia di Imperia, ampliando le aree di presenza e la tipologia di servizi. Oggi Il Faggio ha un impatto economico con le sue attivit\u00e0 di circa 23 milioni di euro, facendone per strutture gestite, fatturato e numero di addetti, la prima Cooperativa di Produzione e Lavoro e la prima Cooperativa Sociale della Liguria. Sito web:&nbsp;<a href=\"https:\/\/www.ilfaggiocoop.it\/\">https:\/\/www.ilfaggiocoop.it\/<\/a>&nbsp; &nbsp;<\/p>\n\n\n\n<p>L\u2019I<strong>.S.A.H. Centro di riabilitazione polivalente e Casa di Riposo San Giuseppe<\/strong>&nbsp;\u00e8 una Fondazione (ente senza finalit\u00e0 di lucro) sorta il 29 ottobre 2019 dalla trasformazione dell\u2019omonima Azienda Pubblica di Servizi alla persona nata nel 2003 a sua volta dalla fusione delle preesistenti I.P.A.B. l\u2019 I.S.A.H. centro di riabilitazione polivalente con sede ad Imperia (costituita nel 1853) in piazza G.B. De Negri 4 e la Casa di Riposo San Giuseppe con sede a Dolcedo in piazza Airenti. La neocostituita Fondazione ha mantenuto le finalit\u00e0 istituzionali degli enti da cui trae origine e gestisce un centro di riabilitazione polivalente per portatori di handicap psico-fisico e sensoriale, una Residenza Protetta per Anziani e una Residenza Sanitaria Assistita per Disabili. Sito web:&nbsp;<a href=\"https:\/\/www.centroisah.it\/\">https:\/\/www.centroisah.it\/<\/a><\/p>\n\n\n\n<p>La&nbsp;<strong>Cooperativa Proposta 80&nbsp;<\/strong>nasce a Cuneo nel 1978 grazie all\u2019iniziativa di persone specializzate in scienze pedagogiche. L\u2019intento \u00e8 promuovere iniziative culturali e di ricerca nel settore delle Scienze Umane per avviare servizi educativi e di assistenza a favore delle fasce deboli della popolazione. Nel 1978 avvia un Servizio Psico Pedagogico a favore di portatori di handicap in et\u00e0 scolare, offrendo servizi di logopedia, psicomotricit\u00e0 e psicopedagogia alle Direzioni Didattiche di diversi Comuni. Nel 1979 inizia la gestione, in convenzione con il Comune di Cuneo, di un Centro diurno per handicappati gravi e gravissimi (un servizio sperimentale a livello regionale), gestito tuttora in convenzione con il Consorzio Socio-Assistenziale del Cuneese. Fin dal suo esordio, la Cooperativa Proposta 80 concentra le sue energie nella costruzione di una buona prassi nell\u2019ambito dell\u2019intervento sul disagio. A tale scopo l\u2019azione si \u00e8 rivolta alla ricerca di strategie innovative nel campo psicopedagogico, della cura della persona e a costruire una rete di relazioni con la comunit\u00e0 locale. Sito web:&nbsp;<a href=\"http:\/\/www.proposta80.com\/\">http:\/\/www.proposta80.com\/<\/a><\/p>\n<div class=\"post-meta\">Ultima Modifica: 6\/05\/21<\/div>","protected":false},"excerpt":{"rendered":"<p>\u00c8 stato presentato nella mattina di venerd\u00ec 30 aprile in una conferenza stampa presso il Mare Hotel di Savona il nuovo progetto di welfare e inclusione sociale WeAreFamily delle societ\u00e0 Cuneo Granda Volley e Granda Volley Academy, creato con l\u2019obiettivo di diventare la pi\u00f9 ampia e diffusa rete di inclusione \u2026 <a class=\"continue-reading-link\" href=\"https:\/\/www.centroisah.it\/?p=888\">continua a leggere <span class=\"meta-nav\">&rarr; <\/span><\/a><\/p>\n","protected":false},"author":4,"featured_media":0,"comment_status":"closed","ping_status":"closed","sticky":false,"template":"","format":"standard","meta":{"jetpack_post_was_ever_published":false,"_jetpack_newsletter_access":"","_jetpack_dont_email_post_to_subs":false,"_jetpack_newsletter_tier_id":0,"_jetpack_memberships_contains_paywalled_content":false,"_jetpack_memberships_contains_paid_content":false,"footnotes":"","jetpack_publicize_message":"","jetpack_publicize_feature_enabled":true,"jetpack_social_post_already_shared":true,"jetpack_social_options":{"image_generator_settings":{"template":"highway","enabled":false},"version":2}},"categories":[1],"tags":[],"class_list":["post-888","post","type-post","status-publish","format-standard","hentry","category-news"],"jetpack_publicize_connections":[],"jetpack_featured_media_url":"","jetpack_sharing_enabled":true,"jetpack_shortlink":"https:\/\/wp.me\/p6JrrM-ek","jetpack-related-posts":[],"jetpack_likes_enabled":true,"_links":{"self":[{"href":"https:\/\/www.centroisah.it\/index.php?rest_route=\/wp\/v2\/posts\/888","targetHints":{"allow":["GET"]}}],"collection":[{"href":"https:\/\/www.centroisah.it\/index.php?rest_route=\/wp\/v2\/posts"}],"about":[{"href":"https:\/\/www.centroisah.it\/index.php?rest_route=\/wp\/v2\/types\/post"}],"author":[{"embeddable":true,"href":"https:\/\/www.centroisah.it\/index.php?rest_route=\/wp\/v2\/users\/4"}],"replies":[{"embeddable":true,"href":"https:\/\/www.centroisah.it\/index.php?rest_route=%2Fwp%2Fv2%2Fcomments&post=888"}],"version-history":[{"count":3,"href":"https:\/\/www.centroisah.it\/index.php?rest_route=\/wp\/v2\/posts\/888\/revisions"}],"predecessor-version":[{"id":903,"href":"https:\/\/www.centroisah.it\/index.php?rest_route=\/wp\/v2\/posts\/888\/revisions\/903"}],"wp:attachment":[{"href":"https:\/\/www.centroisah.it\/index.php?rest_route=%2Fwp%2Fv2%2Fmedia&parent=888"}],"wp:term":[{"taxonomy":"category","embeddable":true,"href":"https:\/\/www.centroisah.it\/index.php?rest_route=%2Fwp%2Fv2%2Fcategories&post=888"},{"taxonomy":"post_tag","embeddable":true,"href":"https:\/\/www.centroisah.it\/index.php?rest_route=%2Fwp%2Fv2%2Ftags&post=888"}],"curies":[{"name":"wp","href":"https:\/\/api.w.org\/{rel}","templated":true}]}}