{"id":1316,"date":"2023-07-04T01:21:34","date_gmt":"2023-07-03T23:21:34","guid":{"rendered":"https:\/\/www.centroisah.it\/?p=1316"},"modified":"2023-07-04T01:21:34","modified_gmt":"2023-07-03T23:21:34","slug":"porte-aperte-alla-musica-20a-edizione-2023","status":"publish","type":"post","link":"https:\/\/www.centroisah.it\/?p=1316","title":{"rendered":"Porte Aperte alla Musica 20a edizione 2023"},"content":{"rendered":"\n<figure class=\"wp-block-image size-large\"><a href=\"https:\/\/i0.wp.com\/www.centroisah.it\/sistema\/wp-content\/uploads\/2023\/07\/Guarda-che-luna-SOCIAL-VERTICALE.jpg?ssl=1\"><img data-recalc-dims=\"1\" loading=\"lazy\" decoding=\"async\" width=\"500\" height=\"889\" data-attachment-id=\"1317\" data-permalink=\"https:\/\/www.centroisah.it\/?attachment_id=1317\" data-orig-file=\"https:\/\/i0.wp.com\/www.centroisah.it\/sistema\/wp-content\/uploads\/2023\/07\/Guarda-che-luna-SOCIAL-VERTICALE.jpg?fit=1080%2C1920&amp;ssl=1\" data-orig-size=\"1080,1920\" data-comments-opened=\"0\" data-image-meta=\"{&quot;aperture&quot;:&quot;0&quot;,&quot;credit&quot;:&quot;&quot;,&quot;camera&quot;:&quot;&quot;,&quot;caption&quot;:&quot;&quot;,&quot;created_timestamp&quot;:&quot;0&quot;,&quot;copyright&quot;:&quot;&quot;,&quot;focal_length&quot;:&quot;0&quot;,&quot;iso&quot;:&quot;0&quot;,&quot;shutter_speed&quot;:&quot;0&quot;,&quot;title&quot;:&quot;&quot;,&quot;orientation&quot;:&quot;0&quot;}\" data-image-title=\"Guarda-che-luna-SOCIAL-VERTICALE\" data-image-description=\"\" data-image-caption=\"\" data-medium-file=\"https:\/\/i0.wp.com\/www.centroisah.it\/sistema\/wp-content\/uploads\/2023\/07\/Guarda-che-luna-SOCIAL-VERTICALE.jpg?fit=169%2C300&amp;ssl=1\" data-large-file=\"https:\/\/i0.wp.com\/www.centroisah.it\/sistema\/wp-content\/uploads\/2023\/07\/Guarda-che-luna-SOCIAL-VERTICALE.jpg?fit=500%2C889&amp;ssl=1\" src=\"https:\/\/i0.wp.com\/www.centroisah.it\/sistema\/wp-content\/uploads\/2023\/07\/Guarda-che-luna-SOCIAL-VERTICALE.jpg?resize=500%2C889&#038;ssl=1\" alt=\"\" class=\"wp-image-1317\" srcset=\"https:\/\/i0.wp.com\/www.centroisah.it\/sistema\/wp-content\/uploads\/2023\/07\/Guarda-che-luna-SOCIAL-VERTICALE.jpg?resize=576%2C1024&amp;ssl=1 576w, https:\/\/i0.wp.com\/www.centroisah.it\/sistema\/wp-content\/uploads\/2023\/07\/Guarda-che-luna-SOCIAL-VERTICALE.jpg?resize=169%2C300&amp;ssl=1 169w, https:\/\/i0.wp.com\/www.centroisah.it\/sistema\/wp-content\/uploads\/2023\/07\/Guarda-che-luna-SOCIAL-VERTICALE.jpg?resize=768%2C1365&amp;ssl=1 768w, https:\/\/i0.wp.com\/www.centroisah.it\/sistema\/wp-content\/uploads\/2023\/07\/Guarda-che-luna-SOCIAL-VERTICALE.jpg?resize=864%2C1536&amp;ssl=1 864w, https:\/\/i0.wp.com\/www.centroisah.it\/sistema\/wp-content\/uploads\/2023\/07\/Guarda-che-luna-SOCIAL-VERTICALE.jpg?resize=84%2C150&amp;ssl=1 84w, https:\/\/i0.wp.com\/www.centroisah.it\/sistema\/wp-content\/uploads\/2023\/07\/Guarda-che-luna-SOCIAL-VERTICALE.jpg?w=1080&amp;ssl=1 1080w, https:\/\/i0.wp.com\/www.centroisah.it\/sistema\/wp-content\/uploads\/2023\/07\/Guarda-che-luna-SOCIAL-VERTICALE.jpg?w=1000&amp;ssl=1 1000w\" sizes=\"auto, (max-width: 500px) 100vw, 500px\" \/><\/a><\/figure>\n\n\n\n<p>Ritornano i ragazzi dell&#8217;ISAH come protagonisti della 20\u00aa edizione della Rassegna teatrale e musicale &#8220;Porte Aperte alla Musica 2023&#8221;, organizzata dalla Fondazione ISAH Onlus. L&#8217;evento \u00e8 ideato e condotto dal Maestro Prof. Adriano Strangis, presidente della Global Art Studio di Diano Marina, in collaborazione con Cooperativa Jobel , SEI \u2013 CPT , Imperial, Liceo G.D. Cassini di Sanremo, RGB Soluzioni, Luca D\u2019Urzo&nbsp; Creative studio &nbsp;e patrocinato dalla Citt\u00e0 di Imperia, Regione Liguria e Provincia di Imperia<\/p>\n\n\n\n<p>La rassegna, ideata per la prima volta nel 2002 in occasione del 150\u00ba anniversario dalla fondazione dell&#8217;ISAH (allora Regio Istituto Sordomuti), ha l&#8217;obiettivo di aprire le porte del centro alla cittadinanza e far conoscere le abilit\u00e0 dei ragazzi dell&#8217;ISAH. Da molti anni, la rassegna viene rappresentata nelle pi\u00f9 prestigiose piazze della citt\u00e0 di Imperia, riscuotendo sempre uno straordinario successo di pubblico.<\/p>\n\n\n\n<p>Quest&#8217;anno, <strong>in occasione del 170\u00ba anniversario dalla nascita dell&#8217;Ente<\/strong>, sono previste tre serate programmate dal mercoled\u00ec 5 luglio al venerd\u00ec 7 luglio alle ore 21:15. La location scelta \u00e8 la splendida Banchina Aicardi, alla radice del molo corto del Porto di Imperia Oneglia. Il palco, le scene, le luci e gli effetti speciali sono stati accuratamente preparati, ma i veri protagonisti di tutte le serate saranno i ragazzi dell&#8217;ISAH. Dopo un anno di lavoro fianco a fianco con i loro terapisti e alcuni volontari professionisti del mondo dello spettacolo, hanno realizzato una serie di serate mozzafiato.<\/p>\n\n\n\n<p>\u00c8 incredibile come questi ragazzi, insieme a tutti gli altri protagonisti, dimostreranno come la musica, l&#8217;arte, l&#8217;amore e la fantasia riescano ad abbattere le barriere culturali e sociali, unendo mondi apparentemente distanti: quello della riabilitazione e quello dei professionisti del mondo dello spettacolo.<\/p>\n\n\n\n<p><strong>L&#8217;appuntamento principale<\/strong> \u00e8 per tutti coloro che vorranno partecipare, sulla <strong>Banchina Aicardi<\/strong> sul Porto di Imperia Oneglia:<\/p>\n\n\n\n<p><strong><u>Venerd\u00ec 7 luglio alle ore 21:15<\/u><\/strong>, con lo spettacolo <strong>&#8220;GUARDA CHE LUNA&#8221; protagonisti i ragazzi dell&#8217;ISAH<\/strong>, i loro educatori e i professionisti della Global Art Studio, guidati dal maestro Adriano STRANGIS<\/p>\n\n\n\n<p>Preceduto da altre bellissime serate musicali<\/p>\n\n\n\n<p><strong>Mercoled\u00ec 5 luglio alle ore 21:15 i Black Beat<\/strong>: originari della provincia di Imperia, questi 8 musicisti provenienti da esperienze musicali diverse formano la band nel 2013. Si distinguono nel panorama musicale locale per la loro freschezza, il repertorio di musica (soul e non solo) nuovo ed esplosivo, coinvolgente ed allegro, la cura dei dettagli e la loro presenza scenica.<\/p>\n\n\n\n<p><strong>Gioved\u00ec 6 &nbsp;luglio alle ore 21:15 Fabrizio Barbera e Alberto Cecchini <\/strong>proporranno una serata di musica d\u2019autore<\/p>\n\n\n\n<p>Un ringraziamento speciale a tutti gli operatori dell&#8217;ISAH e volontari della Global Art Studio, che con forza di volont\u00e0 e determinazione si impegnano oltre il dovuto per il successo di questa come di altre iniziative,&nbsp; al Comune di Imperia, alla Provincia di Imperia, , alla Regione Liguria, alla cooperativa Jobel , al Comitato San Giovanni, alla Go Imperia, alla Croce Bianca, alla Protezione Civile di Imperia, all\u2019Ing. Lorenzo Grassano,&nbsp; , &nbsp;al BAR 11 , Gust\u00f2 e Caff\u00e8 del Porto per la disponibilit\u00e0 e preziosa collaborazione offerta.<\/p>\n\n\n\n<p>L&#8217;ingresso \u00e8 completamente gratuito e il divertimento \u00e8 garantito.<\/p>\n\n\n\n<p>Sostienici semplicemente con la tua presenza!<\/p>\n<div class=\"post-meta\">Ultima Modifica: 4\/07\/23<\/div>","protected":false},"excerpt":{"rendered":"<p>Ritornano i ragazzi dell&#8217;ISAH come protagonisti della 20\u00aa edizione della Rassegna teatrale e musicale &#8220;Porte Aperte alla Musica 2023&#8221;, organizzata dalla Fondazione ISAH Onlus. L&#8217;evento \u00e8 ideato e condotto dal Maestro Prof. Adriano Strangis, presidente della Global Art Studio di Diano Marina, in collaborazione con Cooperativa Jobel , SEI \u2013 \u2026 <a class=\"continue-reading-link\" href=\"https:\/\/www.centroisah.it\/?p=1316\">continua a leggere <span class=\"meta-nav\">&rarr; <\/span><\/a><\/p>\n","protected":false},"author":4,"featured_media":0,"comment_status":"closed","ping_status":"closed","sticky":false,"template":"","format":"standard","meta":{"jetpack_post_was_ever_published":false,"_jetpack_newsletter_access":"","_jetpack_dont_email_post_to_subs":false,"_jetpack_newsletter_tier_id":0,"_jetpack_memberships_contains_paywalled_content":false,"_jetpack_memberships_contains_paid_content":false,"footnotes":"","jetpack_publicize_message":"","jetpack_publicize_feature_enabled":true,"jetpack_social_post_already_shared":true,"jetpack_social_options":{"image_generator_settings":{"template":"highway","enabled":false},"version":2}},"categories":[1],"tags":[],"class_list":["post-1316","post","type-post","status-publish","format-standard","hentry","category-news"],"jetpack_publicize_connections":[],"jetpack_featured_media_url":"","jetpack_sharing_enabled":true,"jetpack_shortlink":"https:\/\/wp.me\/p6JrrM-le","jetpack-related-posts":[],"jetpack_likes_enabled":true,"_links":{"self":[{"href":"https:\/\/www.centroisah.it\/index.php?rest_route=\/wp\/v2\/posts\/1316","targetHints":{"allow":["GET"]}}],"collection":[{"href":"https:\/\/www.centroisah.it\/index.php?rest_route=\/wp\/v2\/posts"}],"about":[{"href":"https:\/\/www.centroisah.it\/index.php?rest_route=\/wp\/v2\/types\/post"}],"author":[{"embeddable":true,"href":"https:\/\/www.centroisah.it\/index.php?rest_route=\/wp\/v2\/users\/4"}],"replies":[{"embeddable":true,"href":"https:\/\/www.centroisah.it\/index.php?rest_route=%2Fwp%2Fv2%2Fcomments&post=1316"}],"version-history":[{"count":1,"href":"https:\/\/www.centroisah.it\/index.php?rest_route=\/wp\/v2\/posts\/1316\/revisions"}],"predecessor-version":[{"id":1318,"href":"https:\/\/www.centroisah.it\/index.php?rest_route=\/wp\/v2\/posts\/1316\/revisions\/1318"}],"wp:attachment":[{"href":"https:\/\/www.centroisah.it\/index.php?rest_route=%2Fwp%2Fv2%2Fmedia&parent=1316"}],"wp:term":[{"taxonomy":"category","embeddable":true,"href":"https:\/\/www.centroisah.it\/index.php?rest_route=%2Fwp%2Fv2%2Fcategories&post=1316"},{"taxonomy":"post_tag","embeddable":true,"href":"https:\/\/www.centroisah.it\/index.php?rest_route=%2Fwp%2Fv2%2Ftags&post=1316"}],"curies":[{"name":"wp","href":"https:\/\/api.w.org\/{rel}","templated":true}]}}